{"id":15103,"date":"2021-12-10T11:31:13","date_gmt":"2021-12-10T10:31:13","guid":{"rendered":"https:\/\/www.buecherserien.de\/de\/?p=15103"},"modified":"2021-12-10T11:31:13","modified_gmt":"2021-12-10T10:31:13","slug":"jorn-lier-horst-wisting-und-der-tag-der-vermissten","status":"publish","type":"post","link":"https:\/\/www.buecherserien.de\/de\/jorn-lier-horst-wisting-und-der-tag-der-vermissten\/","title":{"rendered":"J\u00f8rn Lier Horst: Wisting und der Tag der Vermissten"},"content":{"rendered":"<div id=\"buv\">\n<p>Der Kriminalroman &#8222;Wisting und der Tag der Vermissten&#8220; ist der 12. Band der Wisting-Reihe von dem norwegischen Autor <a title=\"B\u00fccher von J\u00f8rn Lier Horst\" href=\"https:\/\/www.buecherserien.de\/jorn-lier-horst\/\">J\u00f8rn Lier Horst<\/a>.<\/p>\n<ul>\n<li>Titel bestellen bei:<\/li>\n<li class=\"buv_am\"><a title=\"Amazon.de\" href=\"https:\/\/www.amazon.de\/dp\/B07R68ZS9K\/ref=nosim?tag=buecherserien-21\">Amazon<\/a><\/li>\n<li class=\"buv_th\"><a title=\"Thalia.de\" href=\"https:\/\/www.awin1.com\/cread.php?awinmid=14158&amp;awinaffid=644643&amp;ued=https%3A%2F%2Fwww.thalia.de%2Fshop%2Fhome%2Fartikeldetails%2FEAN9783492995054\">Thalia<\/a><\/li>\n<li class=\"buv_hu\"><a title=\"Hugendubel.de\" href=\"https:\/\/clk.tradedoubler.com\/click?p=249407&#038;a=3222251&#038;url=https%3A%2F%2Fwww.hugendubel.de%2Fde%2Fproduct%3Fid%3D9783492995054\">Hugendubel<\/a><\/li>\n<li class=\"buv_eb\"><a title=\"eBook.de\" href=\"https:\/\/clk.tradedoubler.com\/click?p=324630&#038;a=3222251&#038;url=https%3A%2F%2Fwww.ebook.de%2Fde%2Fproduct%3Fid%3D9783492995054\">eBook.de<\/a><\/li>\n<\/ul>\n<ol>\n<li><strong>Infos \u00fcber das Buch:<\/strong><\/li>\n<li><strong>Serie:<\/strong> Wisting 12<\/li>\n<li><strong>Verlag:<\/strong> Piper<\/li>\n<li><strong>Seiten:<\/strong> 464<\/li>\n<li><strong>Ver\u00f6ffentlichung:<\/strong> 1.10.2019<\/li>\n<li><strong>Formate:<\/strong> Buch, eBook, H\u00f6rbuch<\/li>\n<li><strong>Buch-ISBN:<\/strong>\u200e\u200e 9783492061414<\/li>\n<\/ol>\n<div class=\"clearfix\"><\/div>\n<div class=\"buech-content-tipps\" id=\"buech-1805474268\"><p>Oder gebraucht suchen bei <a href=\"https:\/\/www.awin1.com\/awclick.php?gid=362166&mid=11364&awinaffid=644643&linkid=2376078&clickref=\">Medimops<\/a>.<\/p><\/div><h2>Inhaltsangabe von &#8222;Wisting und der Tag der Vermissten&#8220;:<\/h2>\n<p><img loading=\"lazy\" decoding=\"async\" src=\"https:\/\/www.buecherserien.de\/de\/wp-content\/uploads\/jorn-lier-horst-wisting-12.jpg\" alt=\"Wisting und der Tag der Vermissten von J\u00f8rn Lier Horst\" width=\"250\" height=\"400\" \/>Seit 24 Jahren hat Kommissar William Wisting ein Ritual: Am Jahrestag des Verschwindens von Katharina Haugen nimmt er sich die Fallakten erneut vor. Dieser Cold Case l\u00e4sst ihm einfach keine Ruhe. Jedes Jahr trifft er zudem Martin Haugen, den Ehemann der Vermissten und damaligen Hauptverd\u00e4chtigen, dem nie eine Schuld nachgewiesen werden konnte. Doch dieses Jahr sind zwei Dinge anders: Aus Oslo reist Adrian Stiller an, der in einem anderen Fall \u00fcber die Fingerabdr\u00fccke von Martin Haugen gestolpert ist. Und als Wisting Haugen wie immer treffen will, ist dieser spurlos verschwunden.<\/p>\n<div class=\"clearfix\"><\/div>\n<p id=\"buv_back_single\"><a href=\"https:\/\/www.buecherserien.de\/jorn-lier-horst\/\">Zur\u00fcck zur Autorenseite<\/a><\/p>\n<\/div>","protected":false},"excerpt":{"rendered":"<p>Der Kriminalroman &#8222;Wisting und der Tag der Vermissten&#8220; ist der 12. Band der Wisting-Reihe von dem norwegischen Autor J\u00f8rn Lier Horst. Titel bestellen bei: Amazon Thalia Hugendubel eBook.de Infos \u00fcber das Buch: Serie: Wisting 12 Verlag: Piper Seiten: 464 Ver\u00f6ffentlichung: 1.10.2019 Formate: Buch, eBook, H\u00f6rbuch Buch-ISBN:\u200e\u200e 9783492061414 Inhaltsangabe von &#8222;Wisting und der Tag der Vermissten&#8220;: [&hellip;]<\/p>\n","protected":false},"author":2,"featured_media":15104,"comment_status":"open","ping_status":"closed","sticky":false,"template":"","format":"standard","meta":{"_et_pb_use_builder":"","_et_pb_old_content":"","_et_gb_content_width":"","footnotes":""},"categories":[18],"tags":[314],"class_list":["post-15103","post","type-post","status-publish","format-standard","has-post-thumbnail","hentry","category-krimi-thriller","tag-jorn-lier-horst"],"_links":{"self":[{"href":"https:\/\/www.buecherserien.de\/de\/wp-json\/wp\/v2\/posts\/15103","targetHints":{"allow":["GET"]}}],"collection":[{"href":"https:\/\/www.buecherserien.de\/de\/wp-json\/wp\/v2\/posts"}],"about":[{"href":"https:\/\/www.buecherserien.de\/de\/wp-json\/wp\/v2\/types\/post"}],"author":[{"embeddable":true,"href":"https:\/\/www.buecherserien.de\/de\/wp-json\/wp\/v2\/users\/2"}],"replies":[{"embeddable":true,"href":"https:\/\/www.buecherserien.de\/de\/wp-json\/wp\/v2\/comments?post=15103"}],"version-history":[{"count":0,"href":"https:\/\/www.buecherserien.de\/de\/wp-json\/wp\/v2\/posts\/15103\/revisions"}],"wp:featuredmedia":[{"embeddable":true,"href":"https:\/\/www.buecherserien.de\/de\/wp-json\/wp\/v2\/media\/15104"}],"wp:attachment":[{"href":"https:\/\/www.buecherserien.de\/de\/wp-json\/wp\/v2\/media?parent=15103"}],"wp:term":[{"taxonomy":"category","embeddable":true,"href":"https:\/\/www.buecherserien.de\/de\/wp-json\/wp\/v2\/categories?post=15103"},{"taxonomy":"post_tag","embeddable":true,"href":"https:\/\/www.buecherserien.de\/de\/wp-json\/wp\/v2\/tags?post=15103"}],"curies":[{"name":"wp","href":"https:\/\/api.w.org\/{rel}","templated":true}]}}