{"id":14840,"date":"2021-12-06T15:18:41","date_gmt":"2021-12-06T14:18:41","guid":{"rendered":"https:\/\/www.buecherserien.de\/de\/?p=14840"},"modified":"2021-12-06T15:18:50","modified_gmt":"2021-12-06T14:18:50","slug":"kluepfel-kobr-himmelhorn","status":"publish","type":"post","link":"https:\/\/www.buecherserien.de\/de\/kluepfel-kobr-himmelhorn\/","title":{"rendered":"Volker Kl\u00fcpfel und Michael Kobr: Himmelhorn"},"content":{"rendered":"<div id=\"buv\">\n<p>Der Kriminalroman &#8222;Himmelhorn&#8220; ist der 9. Band der Kluftinger-Reihe von den deutschen Autoren <a title=\"B\u00fccher von Volker Kl\u00fcpfel und Michael Kobr\" href=\"https:\/\/www.buecherserien.de\/kluepfel-kobr\/\">Volker Kl\u00fcpfel und Michael Kobr<\/a>.<\/p>\n<ul>\n<li>Titel bestellen bei:<\/li>\n<li class=\"buv_am\"><a title=\"Amazon.de\" href=\"https:\/\/www.amazon.de\/dp\/B01DWEEIF8\/ref=nosim?tag=buecherserien-21\">Amazon<\/a><\/li>\n<li class=\"buv_th\"><a title=\"Thalia.de\" href=\"https:\/\/www.awin1.com\/cread.php?awinmid=14158&amp;awinaffid=644643&amp;ued=https%3A%2F%2Fwww.thalia.de%2Fshop%2Fhome%2Fartikeldetails%2FEAN9783426440070\">Thalia<\/a><\/li>\n<li class=\"buv_hu\"><a title=\"Hugendubel.de\" href=\"https:\/\/clk.tradedoubler.com\/click?p=249407&#038;a=3222251&#038;url=https%3A%2F%2Fwww.hugendubel.de%2Fde%2Fproduct%3Fid%3D9783426440070\">Hugendubel<\/a><\/li>\n<li class=\"buv_eb\"><a title=\"eBook.de\" href=\"https:\/\/clk.tradedoubler.com\/click?p=324630&#038;a=3222251&#038;url=https%3A%2F%2Fwww.ebook.de%2Fde%2Fproduct%3Fid%3D9783426440070\">eBook.de<\/a><\/li>\n<\/ul>\n<ol>\n<li><strong>Infos \u00fcber das Buch:<\/strong><\/li>\n<li><strong>Serie:<\/strong> Kluftinger 9<\/li>\n<li><strong>Verlag:<\/strong> Knaur<\/li>\n<li><strong>Seiten:<\/strong> 496<\/li>\n<li><strong>Ver\u00f6ffentlichung:<\/strong> 2.10.2017<\/li>\n<li><strong>Formate:<\/strong> Buch, eBook, H\u00f6rbuch<\/li>\n<li><strong>Buch-ISBN:<\/strong>\u200e\u200e 9783426511855<\/li>\n<\/ol>\n<div class=\"clearfix\"><\/div>\n<div class=\"buech-content-tipps\" id=\"buech-3635731124\"><p>Oder gebraucht suchen bei <a href=\"https:\/\/www.awin1.com\/awclick.php?gid=362166&mid=11364&awinaffid=644643&linkid=2376078&clickref=\">Medimops<\/a>.<\/p><\/div><h2>Inhaltsangabe von &#8222;Himmelhorn&#8220;:<\/h2>\n<p><img loading=\"lazy\" decoding=\"async\" src=\"https:\/\/www.buecherserien.de\/de\/wp-content\/uploads\/kluepfel-kobr-kluftinger-9.jpg\" alt=\"Himmelhorn von Volker Kl\u00fcpfel und Michael Kobr\" width=\"250\" height=\"400\" \/>Der neunte Fall der Bestseller-Autoren Volker Kl\u00fcpfel und Michael Kobr f\u00fchrt den Kult-Kommissar Kluftinger in die Allg\u00e4uer Alpen, genauer gesagt auf das Himmelhorn, einen der gef\u00e4hrlichsten Berge des Allg\u00e4us. Nat\u00fcrlich liebt Klufti die Berge \u2013 wenn sie k\u00e4sspatzenf\u00f6rmig auf seinem Teller aufragen. Doch der neueste Streich von Gesundheitsfetischist Langhammer bef\u00f6rdert den Kommissar samt E-Bike tief in die Allg\u00e4uer Alpen, wo die beiden prompt auf drei Leichen sto\u00dfen: ein bekannter Dokumentarfilmer und zwei einheimische Bergf\u00fchrer, die einen Film \u00fcber die Erstbesteigung des Himmelhorns drehen wollten. Wie es scheint, waren sie dem als \u00e4u\u00dferst gef\u00e4hrlich geltenden Gipfel nicht gewachsen. Die Ermittlungen im Umfeld der Toten f\u00fchrt Klufti in sehr abgelegene Alpent\u00e4ler und zu deren starrk\u00f6pfigen Bewohnern, die noch wortkarger sind als er. <\/p>\n<div class=\"clearfix\"><\/div>\n<p id=\"buv_back_single\"><a href=\"https:\/\/www.buecherserien.de\/kluepfel-kobr\/\">Zur\u00fcck zur Autorenseite<\/a><\/p>\n<\/div>","protected":false},"excerpt":{"rendered":"<p>Der Kriminalroman &#8222;Himmelhorn&#8220; ist der 9. Band der Kluftinger-Reihe von den deutschen Autoren Volker Kl\u00fcpfel und Michael Kobr. Titel bestellen bei: Amazon Thalia Hugendubel eBook.de Infos \u00fcber das Buch: Serie: Kluftinger 9 Verlag: Knaur Seiten: 496 Ver\u00f6ffentlichung: 2.10.2017 Formate: Buch, eBook, H\u00f6rbuch Buch-ISBN:\u200e\u200e 9783426511855 Inhaltsangabe von &#8222;Himmelhorn&#8220;: Der neunte Fall der Bestseller-Autoren Volker Kl\u00fcpfel und [&hellip;]<\/p>\n","protected":false},"author":2,"featured_media":14841,"comment_status":"open","ping_status":"closed","sticky":false,"template":"","format":"standard","meta":{"_et_pb_use_builder":"","_et_pb_old_content":"","_et_gb_content_width":"","footnotes":""},"categories":[18],"tags":[317,318],"class_list":["post-14840","post","type-post","status-publish","format-standard","has-post-thumbnail","hentry","category-krimi-thriller","tag-michael-kobr","tag-volker-kluepfel"],"_links":{"self":[{"href":"https:\/\/www.buecherserien.de\/de\/wp-json\/wp\/v2\/posts\/14840","targetHints":{"allow":["GET"]}}],"collection":[{"href":"https:\/\/www.buecherserien.de\/de\/wp-json\/wp\/v2\/posts"}],"about":[{"href":"https:\/\/www.buecherserien.de\/de\/wp-json\/wp\/v2\/types\/post"}],"author":[{"embeddable":true,"href":"https:\/\/www.buecherserien.de\/de\/wp-json\/wp\/v2\/users\/2"}],"replies":[{"embeddable":true,"href":"https:\/\/www.buecherserien.de\/de\/wp-json\/wp\/v2\/comments?post=14840"}],"version-history":[{"count":0,"href":"https:\/\/www.buecherserien.de\/de\/wp-json\/wp\/v2\/posts\/14840\/revisions"}],"wp:featuredmedia":[{"embeddable":true,"href":"https:\/\/www.buecherserien.de\/de\/wp-json\/wp\/v2\/media\/14841"}],"wp:attachment":[{"href":"https:\/\/www.buecherserien.de\/de\/wp-json\/wp\/v2\/media?parent=14840"}],"wp:term":[{"taxonomy":"category","embeddable":true,"href":"https:\/\/www.buecherserien.de\/de\/wp-json\/wp\/v2\/categories?post=14840"},{"taxonomy":"post_tag","embeddable":true,"href":"https:\/\/www.buecherserien.de\/de\/wp-json\/wp\/v2\/tags?post=14840"}],"curies":[{"name":"wp","href":"https:\/\/api.w.org\/{rel}","templated":true}]}}