{"id":14046,"date":"2021-11-17T10:48:38","date_gmt":"2021-11-17T09:48:38","guid":{"rendered":"https:\/\/www.buecherserien.de\/de\/?p=14046"},"modified":"2021-11-17T10:48:47","modified_gmt":"2021-11-17T09:48:47","slug":"diverse-autoren-toedliche-weihnacht-ueberall","status":"publish","type":"post","link":"https:\/\/www.buecherserien.de\/de\/diverse-autoren-toedliche-weihnacht-ueberall\/","title":{"rendered":"Diverse Autoren: T\u00f6dliche Weihnacht \u00fcberall"},"content":{"rendered":"<div id=\"buv\">\n<p>Das Buch &#8222;T\u00f6dliche Weihnacht \u00fcberall&#8220; beinhaltet kriminelle Geschichten zum Fest von den Autoren <a title=\"B\u00fccher von Horst Eckert\" href=\"https:\/\/www.buecherserien.de\/horst-eckert\/\">Horst Eckert<\/a>, <a href=\"https:\/\/www.buecherserien.de\/susanne-mischke\/\" title=\"B\u00fccher von Susanne Mischke\">Susanne Mischke<\/a>, Sunil Mann u.a.<\/p>\n<ul>\n<li>Titel bestellen bei:<\/li>\n<li class=\"buv_am\"><a title=\"Amazon.de\" href=\"https:\/\/www.amazon.de\/dp\/3492300227\/ref=nosim?tag=buecherserien-21\">Amazon<\/a><\/li>\n<\/ul>\n<ol>\n<li><strong>Infos \u00fcber das Buch:<\/strong><\/li>\n<li><strong>Serie:<\/strong> Keine<\/li>\n<li><strong>Verlag:<\/strong> Piper<\/li>\n<li><strong>Seiten:<\/strong> 224<\/li>\n<li><strong>Ver\u00f6ffentlichung:<\/strong> 9.10.2012<\/li>\n<li><strong>Formate:<\/strong> Buch<\/li>\n<li><strong>Buch-ISBN:<\/strong> \u200e\u200e9783492300223<\/li>\n<\/ol>\n<div class=\"clearfix\"><\/div>\n<div class=\"buech-content-tipps\" id=\"buech-2660431457\"><p>Oder gebraucht suchen bei <a href=\"https:\/\/www.awin1.com\/awclick.php?gid=362166&mid=11364&awinaffid=644643&linkid=2376078&clickref=\">Medimops<\/a>.<\/p><\/div><h2>Inhaltsangabe von &#8222;T\u00f6dliche Weihnacht \u00fcberall&#8220;:<\/h2>\n<p><img loading=\"lazy\" decoding=\"async\" src=\"https:\/\/www.buecherserien.de\/de\/wp-content\/uploads\/horst-eckert-kg1020.jpg\" alt=\"T\u00f6dliche Weihnacht \u00fcberall von diversen Autoren und Horst Eckert\" width=\"250\" height=\"400\" \/>Stille Nacht, heilige Schlacht, alles t\u00f6tet, einsam lacht \u2026 der gewiefteste unter den Weihnachtsm\u00f6rdern! Wer das Fest der Hiebe \u00fcberlebt, w\u00e4hrend manch anderem die Lichter ausgehen, das verraten Ihnen bekannte Krimiautoren in schaurig sch\u00f6nen und bislang unver\u00f6ffentlichten Geschichten. Ruten waren gestern, heute kommen Christbaumst\u00e4nder und andere Gesch\u00fctze zum Einsatz. Seien Sie gewarnt &#8230; <\/p>\n<div class=\"clearfix\"><\/div>\n<p id=\"buv_back_single\"><a href=\"https:\/\/www.buecherserien.de\/horst-eckert\/\">Zur\u00fcck zur Autorenseite<\/a><\/p>\n<\/div>","protected":false},"excerpt":{"rendered":"<p>Das Buch &#8222;T\u00f6dliche Weihnacht \u00fcberall&#8220; beinhaltet kriminelle Geschichten zum Fest von den Autoren Horst Eckert, Susanne Mischke, Sunil Mann u.a. Titel bestellen bei: Amazon Infos \u00fcber das Buch: Serie: Keine Verlag: Piper Seiten: 224 Ver\u00f6ffentlichung: 9.10.2012 Formate: Buch Buch-ISBN: \u200e\u200e9783492300223 Inhaltsangabe von &#8222;T\u00f6dliche Weihnacht \u00fcberall&#8220;: Stille Nacht, heilige Schlacht, alles t\u00f6tet, einsam lacht \u2026 der [&hellip;]<\/p>\n","protected":false},"author":2,"featured_media":14047,"comment_status":"open","ping_status":"closed","sticky":false,"template":"","format":"standard","meta":{"_et_pb_use_builder":"","_et_pb_old_content":"","_et_gb_content_width":"","footnotes":""},"categories":[18],"tags":[296,182],"class_list":["post-14046","post","type-post","status-publish","format-standard","has-post-thumbnail","hentry","category-krimi-thriller","tag-horst-eckert","tag-susanne-mischke"],"_links":{"self":[{"href":"https:\/\/www.buecherserien.de\/de\/wp-json\/wp\/v2\/posts\/14046","targetHints":{"allow":["GET"]}}],"collection":[{"href":"https:\/\/www.buecherserien.de\/de\/wp-json\/wp\/v2\/posts"}],"about":[{"href":"https:\/\/www.buecherserien.de\/de\/wp-json\/wp\/v2\/types\/post"}],"author":[{"embeddable":true,"href":"https:\/\/www.buecherserien.de\/de\/wp-json\/wp\/v2\/users\/2"}],"replies":[{"embeddable":true,"href":"https:\/\/www.buecherserien.de\/de\/wp-json\/wp\/v2\/comments?post=14046"}],"version-history":[{"count":0,"href":"https:\/\/www.buecherserien.de\/de\/wp-json\/wp\/v2\/posts\/14046\/revisions"}],"wp:featuredmedia":[{"embeddable":true,"href":"https:\/\/www.buecherserien.de\/de\/wp-json\/wp\/v2\/media\/14047"}],"wp:attachment":[{"href":"https:\/\/www.buecherserien.de\/de\/wp-json\/wp\/v2\/media?parent=14046"}],"wp:term":[{"taxonomy":"category","embeddable":true,"href":"https:\/\/www.buecherserien.de\/de\/wp-json\/wp\/v2\/categories?post=14046"},{"taxonomy":"post_tag","embeddable":true,"href":"https:\/\/www.buecherserien.de\/de\/wp-json\/wp\/v2\/tags?post=14046"}],"curies":[{"name":"wp","href":"https:\/\/api.w.org\/{rel}","templated":true}]}}