{"id":14042,"date":"2021-11-17T10:46:58","date_gmt":"2021-11-17T09:46:58","guid":{"rendered":"https:\/\/www.buecherserien.de\/de\/?p=14042"},"modified":"2021-11-17T10:46:58","modified_gmt":"2021-11-17T09:46:58","slug":"diverse-autoren-leichenblass-am-niederrhein","status":"publish","type":"post","link":"https:\/\/www.buecherserien.de\/de\/diverse-autoren-leichenblass-am-niederrhein\/","title":{"rendered":"Diverse Autoren: Leichenblass am Niederrhein"},"content":{"rendered":"<div id=\"buv\">\n<p>Das Buch &#8222;Leichenblass am Niederrhein&#8220; beinhaltet Kurzkrimis von den Autoren <a title=\"B\u00fccher von Horst Eckert\" href=\"https:\/\/www.buecherserien.de\/horst-eckert\/\">Horst Eckert<\/a>, Angela E\u00dfer, Arnold K\u00fcster u.a.<\/p>\n<ul>\n<li>Titel bestellen bei:<\/li>\n<li class=\"buv_am\"><a title=\"Amazon.de\" href=\"https:\/\/www.amazon.de\/dp\/3894253835\/ref=nosim?tag=buecherserien-21\">Amazon<\/a><\/li>\n<\/ul>\n<ol>\n<li><strong>Infos \u00fcber das Buch:<\/strong><\/li>\n<li><strong>Serie:<\/strong> Keine<\/li>\n<li><strong>Verlag:<\/strong> \u200eGrafit<\/li>\n<li><strong>Seiten:<\/strong> 288<\/li>\n<li><strong>Ver\u00f6ffentlichung:<\/strong> 26.4.2011<\/li>\n<li><strong>Formate:<\/strong> Buch<\/li>\n<li><strong>Buch-ISBN:<\/strong> \u200e\u200e9783894253837<\/li>\n<\/ol>\n<div class=\"clearfix\"><\/div>\n<div class=\"buech-content-tipps\" id=\"buech-3566723413\"><p>Oder gebraucht suchen bei <a href=\"https:\/\/www.awin1.com\/awclick.php?gid=362166&mid=11364&awinaffid=644643&linkid=2376078&clickref=\">Medimops<\/a>.<\/p><\/div><h2>Inhaltsangabe von &#8222;Leichenblass am Niederrhein&#8220;:<\/h2>\n<p><img loading=\"lazy\" decoding=\"async\" src=\"https:\/\/www.buecherserien.de\/de\/wp-content\/uploads\/horst-eckert-kg1019.jpg\" alt=\"Leichenblass am Niederrhein von diversen Autoren und Horst Eckert\" width=\"250\" height=\"400\" \/>Zum 25. Mal findet im Fr\u00fchjahr 2011 die Criminale, das gr\u00f6\u00dfte deutschsprachige Krimifestival statt. Hunderte Krimiautorinnen und -autoren werden sich dann am Niederrhein ein m\u00f6rderisches Stelldichein geben. Doch einige waren schon im Vorfeld auf krimineller Spurensuche zwischen Rhein und Niers unterwegs. 22 Autor(inn)en, allesamt Preistr\u00e4ger oder mit der Landschaft eng verbunden, haben zwischen Windm\u00fchlen und Wiesen, Schl\u00f6ssern und Gef\u00e4ngnismauern ans Tageslicht gebracht, was manch einen leichenblass werden l\u00e4sst. So schl\u00e4gt u. a. der Mafia das letzte St\u00fcndlein, die Einwegkrawatte geht \u00fcber Leichen und ein Friseur plant einen blutigen Schnitt. Marita &#038; J\u00fcrgen Alberts, Richard Birkefeld, Horst Eckert, J\u00fcrgen Ehlers, Angela E\u00dfer, Lucie Flebbe, Edgar Franzmann, Rebecca Gabl\u00e9, Gunter Gerlach, Peter Godazgar, Susanne Goga, Norbert Horst, Bernhard Jaumann, Gisa Kl\u00f6nne, Arnold K\u00fcsters, Kurt Lehmkuhl, Jutta Profijt, Michael Rossi\u00e9, Frank Schmitter, Jochen Senf und Stefan Slupetzky erz\u00e4hlen von einer ganz und gar nicht friedlichen Gegend \u2026 <\/p>\n<div class=\"clearfix\"><\/div>\n<p id=\"buv_back_single\"><a href=\"https:\/\/www.buecherserien.de\/horst-eckert\/\">Zur\u00fcck zur Autorenseite<\/a><\/p>\n<\/div>","protected":false},"excerpt":{"rendered":"<p>Das Buch &#8222;Leichenblass am Niederrhein&#8220; beinhaltet Kurzkrimis von den Autoren Horst Eckert, Angela E\u00dfer, Arnold K\u00fcster u.a. Titel bestellen bei: Amazon Infos \u00fcber das Buch: Serie: Keine Verlag: \u200eGrafit Seiten: 288 Ver\u00f6ffentlichung: 26.4.2011 Formate: Buch Buch-ISBN: \u200e\u200e9783894253837 Inhaltsangabe von &#8222;Leichenblass am Niederrhein&#8220;: Zum 25. Mal findet im Fr\u00fchjahr 2011 die Criminale, das gr\u00f6\u00dfte deutschsprachige Krimifestival [&hellip;]<\/p>\n","protected":false},"author":2,"featured_media":14043,"comment_status":"open","ping_status":"closed","sticky":false,"template":"","format":"standard","meta":{"_et_pb_use_builder":"","_et_pb_old_content":"","_et_gb_content_width":"","footnotes":""},"categories":[18],"tags":[296],"class_list":["post-14042","post","type-post","status-publish","format-standard","has-post-thumbnail","hentry","category-krimi-thriller","tag-horst-eckert"],"_links":{"self":[{"href":"https:\/\/www.buecherserien.de\/de\/wp-json\/wp\/v2\/posts\/14042","targetHints":{"allow":["GET"]}}],"collection":[{"href":"https:\/\/www.buecherserien.de\/de\/wp-json\/wp\/v2\/posts"}],"about":[{"href":"https:\/\/www.buecherserien.de\/de\/wp-json\/wp\/v2\/types\/post"}],"author":[{"embeddable":true,"href":"https:\/\/www.buecherserien.de\/de\/wp-json\/wp\/v2\/users\/2"}],"replies":[{"embeddable":true,"href":"https:\/\/www.buecherserien.de\/de\/wp-json\/wp\/v2\/comments?post=14042"}],"version-history":[{"count":0,"href":"https:\/\/www.buecherserien.de\/de\/wp-json\/wp\/v2\/posts\/14042\/revisions"}],"wp:featuredmedia":[{"embeddable":true,"href":"https:\/\/www.buecherserien.de\/de\/wp-json\/wp\/v2\/media\/14043"}],"wp:attachment":[{"href":"https:\/\/www.buecherserien.de\/de\/wp-json\/wp\/v2\/media?parent=14042"}],"wp:term":[{"taxonomy":"category","embeddable":true,"href":"https:\/\/www.buecherserien.de\/de\/wp-json\/wp\/v2\/categories?post=14042"},{"taxonomy":"post_tag","embeddable":true,"href":"https:\/\/www.buecherserien.de\/de\/wp-json\/wp\/v2\/tags?post=14042"}],"curies":[{"name":"wp","href":"https:\/\/api.w.org\/{rel}","templated":true}]}}