{"id":14023,"date":"2021-11-17T10:35:20","date_gmt":"2021-11-17T09:35:20","guid":{"rendered":"https:\/\/www.buecherserien.de\/de\/?p=14023"},"modified":"2021-11-17T10:35:20","modified_gmt":"2021-11-17T09:35:20","slug":"diverse-autoren-morden-im-hohen-norden","status":"publish","type":"post","link":"https:\/\/www.buecherserien.de\/de\/diverse-autoren-morden-im-hohen-norden\/","title":{"rendered":"Diverse Autoren: Morden im hohen Norden"},"content":{"rendered":"<div id=\"buv\">\n<p>Das Buch &#8222;Morden im hohen Norden&#8220; beinhaltet Kurzkrimis von den Autoren <a title=\"B\u00fccher von Horst Eckert\" href=\"https:\/\/www.buecherserien.de\/horst-eckert\/\">Horst Eckert<\/a>, <a href=\"https:\/\/www.buecherserien.de\/ingrid-noll\/\" title=\"B\u00fccher von Ingrid Noll\">Ingrid Noll<\/a> u.v.a.<\/p>\n<ul>\n<li>Titel bestellen bei:<\/li>\n<li class=\"buv_am\"><a title=\"Amazon.de\" href=\"https:\/\/www.amazon.de\/dp\/3453432274\/ref=nosim?tag=buecherserien-21\">Amazon<\/a><\/li>\n<\/ul>\n<ol>\n<li><strong>Infos \u00fcber das Buch:<\/strong><\/li>\n<li><strong>Serie:<\/strong> Keine<\/li>\n<li><strong>Verlag:<\/strong> Heyne<\/li>\n<li><strong>Seiten:<\/strong> 304<\/li>\n<li><strong>Ver\u00f6ffentlichung:<\/strong> 4.9.2006<\/li>\n<li><strong>Formate:<\/strong> Buch, eBook<\/li>\n<li><strong>Buch-ISBN:<\/strong> \u200e\u200e9783453432277<\/li>\n<\/ol>\n<div class=\"clearfix\"><\/div>\n<div class=\"buech-content-tipps\" id=\"buech-1454035419\"><p>Oder gebraucht suchen bei <a href=\"https:\/\/www.awin1.com\/awclick.php?gid=362166&mid=11364&awinaffid=644643&linkid=2376078&clickref=\">Medimops<\/a>.<\/p><\/div><h2>Inhaltsangabe von &#8222;Morden im hohen Norden&#8220;:<\/h2>\n<p><img loading=\"lazy\" decoding=\"async\" src=\"https:\/\/www.buecherserien.de\/de\/wp-content\/uploads\/horst-eckert-kg1014.jpg\" alt=\"Morden im hohen Norden von diversen Autoren und Horst Eckert\" width=\"250\" height=\"400\" \/>Deutschlands Norden leuchtet im Herbst 2006 blutrot Die besten Geschichten von den 25 besten deutschsprachigen Krimiautoren. Drei Monate lang &#8211; von September bis November 2006 &#8211; ziehen die Serient\u00e4ter durch Deutschland, um ihre Geschichten in zw\u00f6lf verschiedenen St\u00e4dten vorzulesen und vorzustellen. Die Autoren haben ihre Lieblingsgeschichte aus ihrem Fundus selbst ausgew\u00e4hlt.<\/p>\n<div class=\"clearfix\"><\/div>\n<p id=\"buv_back_single\"><a href=\"https:\/\/www.buecherserien.de\/horst-eckert\/\">Zur\u00fcck zur Autorenseite<\/a><\/p>\n<\/div>","protected":false},"excerpt":{"rendered":"<p>Das Buch &#8222;Morden im hohen Norden&#8220; beinhaltet Kurzkrimis von den Autoren Horst Eckert, Ingrid Noll u.v.a. Titel bestellen bei: Amazon Infos \u00fcber das Buch: Serie: Keine Verlag: Heyne Seiten: 304 Ver\u00f6ffentlichung: 4.9.2006 Formate: Buch, eBook Buch-ISBN: \u200e\u200e9783453432277 Inhaltsangabe von &#8222;Morden im hohen Norden&#8220;: Deutschlands Norden leuchtet im Herbst 2006 blutrot Die besten Geschichten von den [&hellip;]<\/p>\n","protected":false},"author":2,"featured_media":0,"comment_status":"open","ping_status":"closed","sticky":false,"template":"","format":"standard","meta":{"_et_pb_use_builder":"","_et_pb_old_content":"","_et_gb_content_width":"","footnotes":""},"categories":[18],"tags":[296,305],"class_list":["post-14023","post","type-post","status-publish","format-standard","hentry","category-krimi-thriller","tag-horst-eckert","tag-ingrid-noll"],"_links":{"self":[{"href":"https:\/\/www.buecherserien.de\/de\/wp-json\/wp\/v2\/posts\/14023","targetHints":{"allow":["GET"]}}],"collection":[{"href":"https:\/\/www.buecherserien.de\/de\/wp-json\/wp\/v2\/posts"}],"about":[{"href":"https:\/\/www.buecherserien.de\/de\/wp-json\/wp\/v2\/types\/post"}],"author":[{"embeddable":true,"href":"https:\/\/www.buecherserien.de\/de\/wp-json\/wp\/v2\/users\/2"}],"replies":[{"embeddable":true,"href":"https:\/\/www.buecherserien.de\/de\/wp-json\/wp\/v2\/comments?post=14023"}],"version-history":[{"count":0,"href":"https:\/\/www.buecherserien.de\/de\/wp-json\/wp\/v2\/posts\/14023\/revisions"}],"wp:attachment":[{"href":"https:\/\/www.buecherserien.de\/de\/wp-json\/wp\/v2\/media?parent=14023"}],"wp:term":[{"taxonomy":"category","embeddable":true,"href":"https:\/\/www.buecherserien.de\/de\/wp-json\/wp\/v2\/categories?post=14023"},{"taxonomy":"post_tag","embeddable":true,"href":"https:\/\/www.buecherserien.de\/de\/wp-json\/wp\/v2\/tags?post=14023"}],"curies":[{"name":"wp","href":"https:\/\/api.w.org\/{rel}","templated":true}]}}