{"id":13852,"date":"2021-11-16T13:01:18","date_gmt":"2021-11-16T12:01:18","guid":{"rendered":"https:\/\/www.buecherserien.de\/de\/?p=13852"},"modified":"2021-11-16T13:01:18","modified_gmt":"2021-11-16T12:01:18","slug":"horst-eckert-der-absprung","status":"publish","type":"post","link":"https:\/\/www.buecherserien.de\/de\/horst-eckert-der-absprung\/","title":{"rendered":"Horst Eckert: Der Absprung"},"content":{"rendered":"<div id=\"buv\">\n<p>Das Buch &#8222;Der Absprung&#8220; ist ein Kriminalroman von dem deutschen Autor <a title=\"B\u00fccher von Horst Eckert\" href=\"https:\/\/www.buecherserien.de\/horst-eckert\/\">Horst Eckert<\/a>.<\/p>\n<ul>\n<li>Titel bestellen bei:<\/li>\n<li class=\"buv_am\"><a title=\"Amazon.de\" href=\"https:\/\/www.amazon.de\/dp\/B00NLB0UEQ\/ref=nosim?tag=buecherserien-21\">Amazon<\/a><\/li>\n<li class=\"buv_th\"><a title=\"Thalia.de\" href=\"https:\/\/www.awin1.com\/cread.php?awinmid=14158&amp;awinaffid=644643&amp;ued=https%3A%2F%2Fwww.thalia.de%2Fshop%2Fhome%2Fartikeldetails%2FEAN9783958650398\">Thalia<\/a><\/li>\n<li class=\"buv_hu\"><a title=\"Hugendubel.de\" href=\"https:\/\/clk.tradedoubler.com\/click?p=249407&#038;a=3222251&#038;url=https%3A%2F%2Fwww.hugendubel.de%2Fde%2Fproduct%3Fid%3D9783958650398\">Hugendubel<\/a><\/li>\n<li class=\"buv_eb\"><a title=\"eBook.de\" href=\"https:\/\/clk.tradedoubler.com\/click?p=324630&#038;a=3222251&#038;url=https%3A%2F%2Fwww.ebook.de%2Fde%2Fproduct%3Fid%3D9783958650398\">eBook.de<\/a><\/li>\n<\/ul>\n<ol>\n<li><strong>Infos \u00fcber das Buch:<\/strong><\/li>\n<li><strong>Serie:<\/strong> Keine<\/li>\n<li><strong>Verlag:<\/strong> Nautilus<\/li>\n<li><strong>Seiten:<\/strong> 64<\/li>\n<li><strong>Ver\u00f6ffentlichung:<\/strong> 1.8.2006<\/li>\n<li><strong>Formate:<\/strong> Buch, eBook, H\u00f6rbuch<\/li>\n<li><strong>Buch-ISBN:<\/strong>\u200e\u200e 9783894014971<\/li>\n<\/ol>\n<div class=\"clearfix\"><\/div>\n<div class=\"buech-content-tipps\" id=\"buech-381745560\"><p>Oder gebraucht suchen bei <a href=\"https:\/\/www.awin1.com\/awclick.php?gid=362166&mid=11364&awinaffid=644643&linkid=2376078&clickref=\">Medimops<\/a>.<\/p><\/div><h2>Inhaltsangabe von &#8222;Der Absprung&#8220;:<\/h2>\n<p><img loading=\"lazy\" decoding=\"async\" src=\"https:\/\/www.buecherserien.de\/de\/wp-content\/uploads\/horst-eckert-1010.jpg\" alt=\"Der Absprung von Horst Eckert\" width=\"250\" height=\"400\" \/>Tom Giering ist SEK-Beamter und ein Mann f\u00fcr die ganz harten F\u00e4lle. Ein Job, der Spuren hinterl\u00e4sst, eine zerr\u00fcttete Ehe, der Kampf um das gemeinsame Kind. Und dann eines Tages macht er auch noch einen folgenschweren Fehler. Seine Kugel trifft bei einer brisanten Aktion anstelle des T\u00e4ters einen Kollegen. Seine Hand hatte gezittert. Die Diagnose ist ersch\u00fctternd: Parkinson. Was das f\u00fcr seinen Job hei\u00dft, ist ihm klar. In seiner Verzweiflung plant er den ganz gro\u00dfen Coup. Und sein Sohn Dani soll mit von der Partie sein. <\/p>\n<div class=\"clearfix\"><\/div>\n<p id=\"buv_back_single\"><a href=\"https:\/\/www.buecherserien.de\/horst-eckert\/\">Zur\u00fcck zur Autorenseite<\/a><\/p>\n<\/div>","protected":false},"excerpt":{"rendered":"<p>Das Buch &#8222;Der Absprung&#8220; ist ein Kriminalroman von dem deutschen Autor Horst Eckert. Titel bestellen bei: Amazon Thalia Hugendubel eBook.de Infos \u00fcber das Buch: Serie: Keine Verlag: Nautilus Seiten: 64 Ver\u00f6ffentlichung: 1.8.2006 Formate: Buch, eBook, H\u00f6rbuch Buch-ISBN:\u200e\u200e 9783894014971 Inhaltsangabe von &#8222;Der Absprung&#8220;: Tom Giering ist SEK-Beamter und ein Mann f\u00fcr die ganz harten F\u00e4lle. Ein [&hellip;]<\/p>\n","protected":false},"author":2,"featured_media":13853,"comment_status":"open","ping_status":"closed","sticky":false,"template":"","format":"standard","meta":{"_et_pb_use_builder":"","_et_pb_old_content":"","_et_gb_content_width":"","footnotes":""},"categories":[18],"tags":[296],"class_list":["post-13852","post","type-post","status-publish","format-standard","has-post-thumbnail","hentry","category-krimi-thriller","tag-horst-eckert"],"_links":{"self":[{"href":"https:\/\/www.buecherserien.de\/de\/wp-json\/wp\/v2\/posts\/13852","targetHints":{"allow":["GET"]}}],"collection":[{"href":"https:\/\/www.buecherserien.de\/de\/wp-json\/wp\/v2\/posts"}],"about":[{"href":"https:\/\/www.buecherserien.de\/de\/wp-json\/wp\/v2\/types\/post"}],"author":[{"embeddable":true,"href":"https:\/\/www.buecherserien.de\/de\/wp-json\/wp\/v2\/users\/2"}],"replies":[{"embeddable":true,"href":"https:\/\/www.buecherserien.de\/de\/wp-json\/wp\/v2\/comments?post=13852"}],"version-history":[{"count":0,"href":"https:\/\/www.buecherserien.de\/de\/wp-json\/wp\/v2\/posts\/13852\/revisions"}],"wp:featuredmedia":[{"embeddable":true,"href":"https:\/\/www.buecherserien.de\/de\/wp-json\/wp\/v2\/media\/13853"}],"wp:attachment":[{"href":"https:\/\/www.buecherserien.de\/de\/wp-json\/wp\/v2\/media?parent=13852"}],"wp:term":[{"taxonomy":"category","embeddable":true,"href":"https:\/\/www.buecherserien.de\/de\/wp-json\/wp\/v2\/categories?post=13852"},{"taxonomy":"post_tag","embeddable":true,"href":"https:\/\/www.buecherserien.de\/de\/wp-json\/wp\/v2\/tags?post=13852"}],"curies":[{"name":"wp","href":"https:\/\/api.w.org\/{rel}","templated":true}]}}