{"id":13844,"date":"2021-11-16T12:55:37","date_gmt":"2021-11-16T11:55:37","guid":{"rendered":"https:\/\/www.buecherserien.de\/de\/?p=13844"},"modified":"2021-11-16T12:55:37","modified_gmt":"2021-11-16T11:55:37","slug":"horst-eckert-purpurland","status":"publish","type":"post","link":"https:\/\/www.buecherserien.de\/de\/horst-eckert-purpurland\/","title":{"rendered":"Horst Eckert: Purpurland"},"content":{"rendered":"<div id=\"buv\">\n<p>Das Buch &#8222;Purpurland&#8220; ist ein Kriminalroman von dem deutschen Autor <a title=\"B\u00fccher von Horst Eckert\" href=\"https:\/\/www.buecherserien.de\/horst-eckert\/\">Horst Eckert<\/a>.<\/p>\n<ul>\n<li>Titel bestellen bei:<\/li>\n<li class=\"buv_am\"><a title=\"Amazon.de\" href=\"https:\/\/www.amazon.de\/dp\/3894252847\/ref=nosim?tag=buecherserien-21\">Amazon<\/a><\/li>\n<\/ul>\n<ol>\n<li><strong>Infos \u00fcber das Buch:<\/strong><\/li>\n<li><strong>Serie:<\/strong> Keine<\/li>\n<li><strong>Verlag:<\/strong> \u200eGRAFIT<\/li>\n<li><strong>Seiten:<\/strong> 283<\/li>\n<li><strong>Ver\u00f6ffentlichung:<\/strong> 1.10.2003<\/li>\n<li><strong>Formate:<\/strong> Buch, H\u00f6rbuch<\/li>\n<li><strong>Buch-ISBN:<\/strong>\u200e\u200e 9783894252847<\/li>\n<\/ol>\n<div class=\"clearfix\"><\/div>\n<div class=\"buech-content-tipps\" id=\"buech-3076144177\"><p>Oder gebraucht suchen bei <a href=\"https:\/\/www.awin1.com\/awclick.php?gid=362166&mid=11364&awinaffid=644643&linkid=2376078&clickref=\">Medimops<\/a>.<\/p><\/div><h2>Inhaltsangabe von &#8222;Purpurland&#8220;:<\/h2>\n<p><img loading=\"lazy\" decoding=\"async\" src=\"https:\/\/www.buecherserien.de\/de\/wp-content\/uploads\/horst-eckert-1008.jpg\" alt=\"Purpurland von Horst Eckert\" width=\"250\" height=\"400\" \/>Der Bundeswehrsoldat Tim Sander erlebt als nach Afghanistan entsandter Angeh\u00f6riger des geheimen Kommandos Spezialkr\u00e4fte (KSK) Merkw\u00fcrdiges: Ein Hilfstransport entpuppt sich als Waffenlieferung aus Deutschland, ein Bergdorf, in dem sich die Truppe aufh\u00e4lt, ger\u00e4t unter Beschuss der Verb\u00fcndeten \u2013 ein Versehen, so hei\u00dft es sp\u00e4ter. Von offizieller Seite werden weder Waffenlieferung noch das Friendly Fire hinterfragt. Vier Wochen sp\u00e4ter ist der Einsatz beendet, allerdings darf Sander nicht sofort zur\u00fcck nach D\u00fcsseldorf zu seiner Frau Julia, sondern kommt zur Erholung in eine Klinik an den Bodensee. Dort lernt er Felix Mey kennen, einen SEK-Polizisten, der ebenfalls aus der rheinischen Metropole stammt. Mey war dabei, als bei einem Einsatz ein harmloser Student mit einem fl\u00fcchtigen R\u00e4uber verwechselt und erschossen wurde. Als Mey h\u00f6rt, dass sein Partner Kottmann, der ungl\u00fcckliche Sch\u00fctze, Selbstmord begangen hat, bricht er Kur und SEK-Karriere ab und macht Ela Bach, Leiterin des KK 11 und ermittelnde Beamtin im Fall des toten Studenten, verantwortlich f\u00fcr den Tod des Partners. Bach, die sich ihr Vorgehen selbst vorwirft, st\u00fcrzt sich in Arbeit, um das Geschehene zu vergessen. Sie begibt sich auf die Suche nach einer vermissten Prostituierten, die m\u00f6glicherweise einem sadistischen M\u00f6rder zum Opfer fiel, und trifft am Schauplatz des Mordes erneut auf Mey. Der ist inzwischen Mitglied im Einsatztrupp der Polizeiinspektion Mitte und damit beauftragt, den fl\u00fcchtigen R\u00e4uber zu jagen. Auf der Suche nach dessen Unterschlupf st\u00f6\u00dft er auf eine Leiche. Mey kennt das Opfer: Es ist Julia, die Frau des Afghanistanheimkehrers, von der ihm Tim Sander ein Foto gezeigt hatte. Die einberufene Soko h\u00e4lt bald Tim Sander f\u00fcr verd\u00e4chtig, doch Ela Bach und Felix Mey gehen eigenen Theo-rien nach: F\u00fcr Bach steht der Mord mit dem Fall der verschwundenen Prostituierten in Zusammenhang. Mey ist \u00fcberzeugt davon, dass jener R\u00e4uber, f\u00fcr den der Student sterben musste, Julia get\u00f6tet hat. Allerdings h\u00e4lt die Tote f\u00fcr die ermittelnden Beamten noch einige \u00dcberraschungen parat \u2026 <\/p>\n<div class=\"clearfix\"><\/div>\n<p id=\"buv_back_single\"><a href=\"https:\/\/www.buecherserien.de\/horst-eckert\/\">Zur\u00fcck zur Autorenseite<\/a><\/p>\n<\/div>","protected":false},"excerpt":{"rendered":"<p>Das Buch &#8222;Purpurland&#8220; ist ein Kriminalroman von dem deutschen Autor Horst Eckert. Titel bestellen bei: Amazon Infos \u00fcber das Buch: Serie: Keine Verlag: \u200eGRAFIT Seiten: 283 Ver\u00f6ffentlichung: 1.10.2003 Formate: Buch, H\u00f6rbuch Buch-ISBN:\u200e\u200e 9783894252847 Inhaltsangabe von &#8222;Purpurland&#8220;: Der Bundeswehrsoldat Tim Sander erlebt als nach Afghanistan entsandter Angeh\u00f6riger des geheimen Kommandos Spezialkr\u00e4fte (KSK) Merkw\u00fcrdiges: Ein Hilfstransport entpuppt [&hellip;]<\/p>\n","protected":false},"author":2,"featured_media":13845,"comment_status":"open","ping_status":"closed","sticky":false,"template":"","format":"standard","meta":{"_et_pb_use_builder":"","_et_pb_old_content":"","_et_gb_content_width":"","footnotes":""},"categories":[18],"tags":[296],"class_list":["post-13844","post","type-post","status-publish","format-standard","has-post-thumbnail","hentry","category-krimi-thriller","tag-horst-eckert"],"_links":{"self":[{"href":"https:\/\/www.buecherserien.de\/de\/wp-json\/wp\/v2\/posts\/13844","targetHints":{"allow":["GET"]}}],"collection":[{"href":"https:\/\/www.buecherserien.de\/de\/wp-json\/wp\/v2\/posts"}],"about":[{"href":"https:\/\/www.buecherserien.de\/de\/wp-json\/wp\/v2\/types\/post"}],"author":[{"embeddable":true,"href":"https:\/\/www.buecherserien.de\/de\/wp-json\/wp\/v2\/users\/2"}],"replies":[{"embeddable":true,"href":"https:\/\/www.buecherserien.de\/de\/wp-json\/wp\/v2\/comments?post=13844"}],"version-history":[{"count":0,"href":"https:\/\/www.buecherserien.de\/de\/wp-json\/wp\/v2\/posts\/13844\/revisions"}],"wp:featuredmedia":[{"embeddable":true,"href":"https:\/\/www.buecherserien.de\/de\/wp-json\/wp\/v2\/media\/13845"}],"wp:attachment":[{"href":"https:\/\/www.buecherserien.de\/de\/wp-json\/wp\/v2\/media?parent=13844"}],"wp:term":[{"taxonomy":"category","embeddable":true,"href":"https:\/\/www.buecherserien.de\/de\/wp-json\/wp\/v2\/categories?post=13844"},{"taxonomy":"post_tag","embeddable":true,"href":"https:\/\/www.buecherserien.de\/de\/wp-json\/wp\/v2\/tags?post=13844"}],"curies":[{"name":"wp","href":"https:\/\/api.w.org\/{rel}","templated":true}]}}