{"id":13818,"date":"2021-11-16T12:43:43","date_gmt":"2021-11-16T11:43:43","guid":{"rendered":"https:\/\/www.buecherserien.de\/de\/?p=13818"},"modified":"2021-11-16T12:43:43","modified_gmt":"2021-11-16T11:43:43","slug":"horst-eckert-die-stunde-der-wut","status":"publish","type":"post","link":"https:\/\/www.buecherserien.de\/de\/horst-eckert-die-stunde-der-wut\/","title":{"rendered":"Horst Eckert: Die Stunde der Wut"},"content":{"rendered":"<div id=\"buv\">\n<p>Der Thriller &#8222;Die Stunde der Wut&#8220; ist der 2. Band der Melia und Vincent-Reihe von dem deutschen Autor <a title=\"B\u00fccher von Horst Eckert\" href=\"https:\/\/www.buecherserien.de\/horst-eckert\/\">Horst Eckert<\/a>.<\/p>\n<ul>\n<li>Titel bestellen bei:<\/li>\n<li class=\"buv_am\"><a title=\"Amazon.de\" href=\"https:\/\/www.amazon.de\/dp\/B08MCBC5L6\/ref=nosim?tag=buecherserien-21\">Amazon<\/a><\/li>\n<li class=\"buv_th\"><a title=\"Thalia.de\" href=\"https:\/\/www.awin1.com\/cread.php?awinmid=14158&amp;awinaffid=644643&amp;ued=https%3A%2F%2Fwww.thalia.de%2Fshop%2Fhome%2Fartikeldetails%2FEAN9783641277338\">Thalia<\/a><\/li>\n<li class=\"buv_hu\"><a title=\"Hugendubel.de\" href=\"https:\/\/clk.tradedoubler.com\/click?p=249407&#038;a=3222251&#038;url=https%3A%2F%2Fwww.hugendubel.de%2Fde%2Fproduct%3Fid%3D9783641277338\">Hugendubel<\/a><\/li>\n<li class=\"buv_eb\"><a title=\"eBook.de\" href=\"https:\/\/clk.tradedoubler.com\/click?p=324630&#038;a=3222251&#038;url=https%3A%2F%2Fwww.ebook.de%2Fde%2Fproduct%3Fid%3D9783641277338\">eBook.de<\/a><\/li>\n<\/ul>\n<ol>\n<li><strong>Infos \u00fcber das Buch:<\/strong><\/li>\n<li><strong>Serie:<\/strong> Melia und Vincent 2<\/li>\n<li><strong>Verlag:<\/strong> Heyne<\/li>\n<li><strong>Seiten:<\/strong> 448<\/li>\n<li><strong>Ver\u00f6ffentlichung:<\/strong> 8.3.2021<\/li>\n<li><strong>Formate:<\/strong> Buch, eBook, H\u00f6rbuch<\/li>\n<li><strong>Buch-ISBN:<\/strong>\u200e\u200e 9783453441033<\/li>\n<\/ol>\n<div class=\"clearfix\"><\/div>\n<div class=\"buech-content-tipps\" id=\"buech-2683965441\"><p>Oder gebraucht suchen bei <a href=\"https:\/\/www.awin1.com\/awclick.php?gid=362166&mid=11364&awinaffid=644643&linkid=2376078&clickref=\">Medimops<\/a>.<\/p><\/div><h2>Inhaltsangabe von &#8222;Die Stunde der Wut&#8220;:<\/h2>\n<p><img loading=\"lazy\" decoding=\"async\" src=\"https:\/\/www.buecherserien.de\/de\/wp-content\/uploads\/horst-eckert-melia-vincent-2.jpg\" alt=\"Die Stunde der Wut von Horst Eckert\" width=\"250\" height=\"400\" \/>Mit Immobiliendeals wurde Hartmut Osterkamp reich. Kompromisslos baut er sein Imperium aus. Ihm ist jedes Mittel recht.<\/p>\n<p>Kriminalr\u00e4tin Melia Adan ist \u00fcberzeugt, dass Neonazis auf einer Osterkamp-Baustelle die Leiche einer ehemaligen Kollegin verschwinden lie\u00dfen. Noch hat sie keinen Beweis. Aber schon bald gef\u00e4hrliche Feinde.<\/p>\n<p>Hauptkommissar Vincent Veih hat es mit dem Mord an der Tochter eines Psychiaters zu tun. Was zuerst wie eine Beziehungstat aussieht, f\u00fchrt Vincent auf ein Schlachtfeld von Gier, Korruption, politischen Intrigen \u2013 und blanker Wut. <\/p>\n<div class=\"clearfix\"><\/div>\n<p id=\"buv_back_single\"><a href=\"https:\/\/www.buecherserien.de\/horst-eckert\/\">Zur\u00fcck zur Autorenseite<\/a><\/p>\n<\/div>","protected":false},"excerpt":{"rendered":"<p>Der Thriller &#8222;Die Stunde der Wut&#8220; ist der 2. Band der Melia und Vincent-Reihe von dem deutschen Autor Horst Eckert. Titel bestellen bei: Amazon Thalia Hugendubel eBook.de Infos \u00fcber das Buch: Serie: Melia und Vincent 2 Verlag: Heyne Seiten: 448 Ver\u00f6ffentlichung: 8.3.2021 Formate: Buch, eBook, H\u00f6rbuch Buch-ISBN:\u200e\u200e 9783453441033 Inhaltsangabe von &#8222;Die Stunde der Wut&#8220;: Mit [&hellip;]<\/p>\n","protected":false},"author":2,"featured_media":13819,"comment_status":"open","ping_status":"closed","sticky":false,"template":"","format":"standard","meta":{"_et_pb_use_builder":"","_et_pb_old_content":"","_et_gb_content_width":"","footnotes":""},"categories":[18],"tags":[296],"class_list":["post-13818","post","type-post","status-publish","format-standard","has-post-thumbnail","hentry","category-krimi-thriller","tag-horst-eckert"],"_links":{"self":[{"href":"https:\/\/www.buecherserien.de\/de\/wp-json\/wp\/v2\/posts\/13818","targetHints":{"allow":["GET"]}}],"collection":[{"href":"https:\/\/www.buecherserien.de\/de\/wp-json\/wp\/v2\/posts"}],"about":[{"href":"https:\/\/www.buecherserien.de\/de\/wp-json\/wp\/v2\/types\/post"}],"author":[{"embeddable":true,"href":"https:\/\/www.buecherserien.de\/de\/wp-json\/wp\/v2\/users\/2"}],"replies":[{"embeddable":true,"href":"https:\/\/www.buecherserien.de\/de\/wp-json\/wp\/v2\/comments?post=13818"}],"version-history":[{"count":0,"href":"https:\/\/www.buecherserien.de\/de\/wp-json\/wp\/v2\/posts\/13818\/revisions"}],"wp:featuredmedia":[{"embeddable":true,"href":"https:\/\/www.buecherserien.de\/de\/wp-json\/wp\/v2\/media\/13819"}],"wp:attachment":[{"href":"https:\/\/www.buecherserien.de\/de\/wp-json\/wp\/v2\/media?parent=13818"}],"wp:term":[{"taxonomy":"category","embeddable":true,"href":"https:\/\/www.buecherserien.de\/de\/wp-json\/wp\/v2\/categories?post=13818"},{"taxonomy":"post_tag","embeddable":true,"href":"https:\/\/www.buecherserien.de\/de\/wp-json\/wp\/v2\/tags?post=13818"}],"curies":[{"name":"wp","href":"https:\/\/api.w.org\/{rel}","templated":true}]}}