{"id":13814,"date":"2021-11-16T12:42:13","date_gmt":"2021-11-16T11:42:13","guid":{"rendered":"https:\/\/www.buecherserien.de\/de\/?p=13814"},"modified":"2021-11-16T12:42:13","modified_gmt":"2021-11-16T11:42:13","slug":"horst-eckert-im-namen-der-luege","status":"publish","type":"post","link":"https:\/\/www.buecherserien.de\/de\/horst-eckert-im-namen-der-luege\/","title":{"rendered":"Horst Eckert: Im Namen der L\u00fcge"},"content":{"rendered":"<div id=\"buv\">\n<p>Der Thriller &#8222;Im Namen der L\u00fcge&#8220; ist der 1. Band der Melia und Vincent-Reihe von dem deutschen Autor <a title=\"B\u00fccher von Horst Eckert\" href=\"https:\/\/www.buecherserien.de\/horst-eckert\/\">Horst Eckert<\/a>.<\/p>\n<ul>\n<li>Titel bestellen bei:<\/li>\n<li class=\"buv_am\"><a title=\"Amazon.de\" href=\"https:\/\/www.amazon.de\/dp\/B07ZTGC359\/ref=nosim?tag=buecherserien-21\">Amazon<\/a><\/li>\n<li class=\"buv_th\"><a title=\"Thalia.de\" href=\"https:\/\/www.awin1.com\/cread.php?awinmid=14158&amp;awinaffid=644643&amp;ued=https%3A%2F%2Fwww.thalia.de%2Fshop%2Fhome%2Fartikeldetails%2FEAN9783641236342\">Thalia<\/a><\/li>\n<li class=\"buv_hu\"><a title=\"Hugendubel.de\" href=\"https:\/\/clk.tradedoubler.com\/click?p=249407&#038;a=3222251&#038;url=https%3A%2F%2Fwww.hugendubel.de%2Fde%2Fproduct%3Fid%3D9783641236342\">Hugendubel<\/a><\/li>\n<li class=\"buv_eb\"><a title=\"eBook.de\" href=\"https:\/\/clk.tradedoubler.com\/click?p=324630&#038;a=3222251&#038;url=https%3A%2F%2Fwww.ebook.de%2Fde%2Fproduct%3Fid%3D9783641236342\">eBook.de<\/a><\/li>\n<\/ul>\n<ol>\n<li><strong>Infos \u00fcber das Buch:<\/strong><\/li>\n<li><strong>Serie:<\/strong> Melia und Vincent 1<\/li>\n<li><strong>Verlag:<\/strong> Heyne<\/li>\n<li><strong>Seiten:<\/strong> 576<\/li>\n<li><strong>Ver\u00f6ffentlichung:<\/strong> 9.3.2020<\/li>\n<li><strong>Formate:<\/strong> Buch, eBook, H\u00f6rbuch<\/li>\n<li><strong>Buch-ISBN:<\/strong>\u200e\u200e 9783453439665<\/li>\n<\/ol>\n<div class=\"clearfix\"><\/div>\n<div class=\"buech-content-tipps\" id=\"buech-4214348580\"><p>Oder gebraucht suchen bei <a href=\"https:\/\/www.awin1.com\/awclick.php?gid=362166&mid=11364&awinaffid=644643&linkid=2376078&clickref=\">Medimops<\/a>.<\/p><\/div><h2>Inhaltsangabe von &#8222;Im Namen der L\u00fcge&#8220;:<\/h2>\n<p><img loading=\"lazy\" decoding=\"async\" src=\"https:\/\/www.buecherserien.de\/de\/wp-content\/uploads\/horst-eckert-melia-vincent-1.jpg\" alt=\"Im Namen der L\u00fcge von Horst Eckert\" width=\"250\" height=\"400\" \/>Mein Name ist Melia Khalid. Ich leite das Referat f\u00fcr Linksextremismus beim Inlandsgeheimdienst. Mir wurde ein Geheimpapier zugespielt, das die Gr\u00fcndung einer neuen RAF ank\u00fcndigt. Das Amt steht Kopf, aber ich misstraue der Quelle. Ich habe den Verdacht, dass einige Leute in meiner Beh\u00f6rde selbst einen Umsturz vorbereiten. Als Teil eines rechten Netzwerks, dem Freiheit und Demokratie ein Dorn im Auge sind. Mein Chef will mich kaltstellen. Und mein eigener Vater, ein Spitzenpolitiker mit Geheimdienstvergangenheit, wei\u00df mehr, als er zugeben will. <\/p>\n<div class=\"clearfix\"><\/div>\n<p id=\"buv_back_single\"><a href=\"https:\/\/www.buecherserien.de\/horst-eckert\/\">Zur\u00fcck zur Autorenseite<\/a><\/p>\n<\/div>","protected":false},"excerpt":{"rendered":"<p>Der Thriller &#8222;Im Namen der L\u00fcge&#8220; ist der 1. Band der Melia und Vincent-Reihe von dem deutschen Autor Horst Eckert. Titel bestellen bei: Amazon Thalia Hugendubel eBook.de Infos \u00fcber das Buch: Serie: Melia und Vincent 1 Verlag: Heyne Seiten: 576 Ver\u00f6ffentlichung: 9.3.2020 Formate: Buch, eBook, H\u00f6rbuch Buch-ISBN:\u200e\u200e 9783453439665 Inhaltsangabe von &#8222;Im Namen der L\u00fcge&#8220;: Mein [&hellip;]<\/p>\n","protected":false},"author":2,"featured_media":13816,"comment_status":"open","ping_status":"closed","sticky":false,"template":"","format":"standard","meta":{"_et_pb_use_builder":"","_et_pb_old_content":"","_et_gb_content_width":"","footnotes":""},"categories":[18],"tags":[296],"class_list":["post-13814","post","type-post","status-publish","format-standard","has-post-thumbnail","hentry","category-krimi-thriller","tag-horst-eckert"],"_links":{"self":[{"href":"https:\/\/www.buecherserien.de\/de\/wp-json\/wp\/v2\/posts\/13814","targetHints":{"allow":["GET"]}}],"collection":[{"href":"https:\/\/www.buecherserien.de\/de\/wp-json\/wp\/v2\/posts"}],"about":[{"href":"https:\/\/www.buecherserien.de\/de\/wp-json\/wp\/v2\/types\/post"}],"author":[{"embeddable":true,"href":"https:\/\/www.buecherserien.de\/de\/wp-json\/wp\/v2\/users\/2"}],"replies":[{"embeddable":true,"href":"https:\/\/www.buecherserien.de\/de\/wp-json\/wp\/v2\/comments?post=13814"}],"version-history":[{"count":0,"href":"https:\/\/www.buecherserien.de\/de\/wp-json\/wp\/v2\/posts\/13814\/revisions"}],"wp:featuredmedia":[{"embeddable":true,"href":"https:\/\/www.buecherserien.de\/de\/wp-json\/wp\/v2\/media\/13816"}],"wp:attachment":[{"href":"https:\/\/www.buecherserien.de\/de\/wp-json\/wp\/v2\/media?parent=13814"}],"wp:term":[{"taxonomy":"category","embeddable":true,"href":"https:\/\/www.buecherserien.de\/de\/wp-json\/wp\/v2\/categories?post=13814"},{"taxonomy":"post_tag","embeddable":true,"href":"https:\/\/www.buecherserien.de\/de\/wp-json\/wp\/v2\/tags?post=13814"}],"curies":[{"name":"wp","href":"https:\/\/api.w.org\/{rel}","templated":true}]}}