{"id":13789,"date":"2021-11-11T12:20:30","date_gmt":"2021-11-11T11:20:30","guid":{"rendered":"https:\/\/www.buecherserien.de\/de\/?p=13789"},"modified":"2021-11-11T12:20:30","modified_gmt":"2021-11-11T11:20:30","slug":"tina-schlegel-schreie-im-nebel","status":"publish","type":"post","link":"https:\/\/www.buecherserien.de\/de\/tina-schlegel-schreie-im-nebel\/","title":{"rendered":"Tina Schlegel: Schreie im Nebel"},"content":{"rendered":"<div id=\"buv\">\n<p>Der Kriminalroman &#8222;Schreie im Nebel&#8220; ist der 1. Band der Kommissar Sito-Reihe von der deutschen Autorin <a title=\"B\u00fccher von Tina Schlegel\" href=\"https:\/\/www.buecherserien.de\/tina-schlegel\/\">Tina Schlegel<\/a>. Das Buch erschien auch unter dem Titel &#8222;Die Traurigkeit des M\u00f6rders&#8220;.<\/p>\n<ul>\n<li>Titel bestellen bei:<\/li>\n<li class=\"buv_am\"><a title=\"Amazon.de\" href=\"https:\/\/www.amazon.de\/dp\/B00YMVMUJC\/ref=nosim?tag=buecherserien-21\">Amazon<\/a><\/li>\n<li class=\"buv_th\"><a title=\"Thalia.de\" href=\"https:\/\/www.awin1.com\/cread.php?awinmid=14158&amp;awinaffid=644643&amp;ued=https%3A%2F%2Fwww.thalia.de%2Fshop%2Fhome%2Fartikeldetails%2FEAN9783863588960\">Thalia<\/a><\/li>\n<li class=\"buv_hu\"><a title=\"Hugendubel.de\" href=\"https:\/\/clk.tradedoubler.com\/click?p=249407&#038;a=3222251&#038;url=https%3A%2F%2Fwww.hugendubel.de%2Fde%2Fproduct%3Fid%3D9783863588960\">Hugendubel<\/a><\/li>\n<li class=\"buv_eb\"><a title=\"eBook.de\" href=\"https:\/\/clk.tradedoubler.com\/click?p=324630&#038;a=3222251&#038;url=https%3A%2F%2Fwww.ebook.de%2Fde%2Fproduct%3Fid%3D9783863588960\">eBook.de<\/a><\/li>\n<\/ul>\n<ol>\n<li><strong>Infos \u00fcber das Buch:<\/strong><\/li>\n<li><strong>Serie:<\/strong> Kommissar Sito 1<\/li>\n<li><strong>Verlag:<\/strong>\u200e Emons<\/li>\n<li><strong>Seiten:<\/strong> 384<\/li>\n<li><strong>Ver\u00f6ffentlichung:<\/strong> 24.6.2016<\/li>\n<li><strong>Formate:<\/strong> Buch, eBook<\/li>\n<li><strong>Buch-ISBN:<\/strong>\u200e\u200e 9783954517237<\/li>\n<\/ol>\n<div class=\"clearfix\"><\/div>\n<div class=\"buech-content-tipps\" id=\"buech-1430336295\"><p>Oder gebraucht suchen bei <a href=\"https:\/\/www.awin1.com\/awclick.php?gid=362166&mid=11364&awinaffid=644643&linkid=2376078&clickref=\">Medimops<\/a>.<\/p><\/div><h2>Inhaltsangabe von &#8222;Schreie im Nebel&#8220;:<\/h2>\n<p><img loading=\"lazy\" decoding=\"async\" src=\"https:\/\/www.buecherserien.de\/de\/wp-content\/uploads\/tina-schlegel-kommissar-sito-1.jpg\" alt=\"Schreie im Nebel von Tina Schlegel\" width=\"250\" height=\"400\" \/>Konstanz versinkt im herbstlichen Nebel. Kommissar Sito, der gerade seinen Hund beerdigt hat, w\u00fcrde es der Stadt am liebsten gleichtun. Doch er wird zu einem Toten gerufen, der kopf\u00fcber in einer Fabrik h\u00e4ngt. Wer ist der Mann? Und was hat die sch\u00f6ne Malerin mit ihm zu tun, auf die der Kommissar immer wieder trifft? Dann steht Sito vor einem weiteren Toten, und ihm wird klar: Dies ist nur der Auftakt einer bizarr inszenierten Mordserie. <\/p>\n<div class=\"clearfix\"><\/div>\n<p id=\"buv_back_single\"><a href=\"https:\/\/www.buecherserien.de\/tina-schlegel\/\">Zur\u00fcck zur Autorenseite<\/a><\/p>\n<\/div>","protected":false},"excerpt":{"rendered":"<p>Der Kriminalroman &#8222;Schreie im Nebel&#8220; ist der 1. Band der Kommissar Sito-Reihe von der deutschen Autorin Tina Schlegel. Das Buch erschien auch unter dem Titel &#8222;Die Traurigkeit des M\u00f6rders&#8220;. Titel bestellen bei: Amazon Thalia Hugendubel eBook.de Infos \u00fcber das Buch: Serie: Kommissar Sito 1 Verlag:\u200e Emons Seiten: 384 Ver\u00f6ffentlichung: 24.6.2016 Formate: Buch, eBook Buch-ISBN:\u200e\u200e 9783954517237 [&hellip;]<\/p>\n","protected":false},"author":2,"featured_media":13790,"comment_status":"open","ping_status":"closed","sticky":false,"template":"","format":"standard","meta":{"_et_pb_use_builder":"","_et_pb_old_content":"","_et_gb_content_width":"","footnotes":""},"categories":[18],"tags":[298],"class_list":["post-13789","post","type-post","status-publish","format-standard","has-post-thumbnail","hentry","category-krimi-thriller","tag-tina-schlegel"],"_links":{"self":[{"href":"https:\/\/www.buecherserien.de\/de\/wp-json\/wp\/v2\/posts\/13789","targetHints":{"allow":["GET"]}}],"collection":[{"href":"https:\/\/www.buecherserien.de\/de\/wp-json\/wp\/v2\/posts"}],"about":[{"href":"https:\/\/www.buecherserien.de\/de\/wp-json\/wp\/v2\/types\/post"}],"author":[{"embeddable":true,"href":"https:\/\/www.buecherserien.de\/de\/wp-json\/wp\/v2\/users\/2"}],"replies":[{"embeddable":true,"href":"https:\/\/www.buecherserien.de\/de\/wp-json\/wp\/v2\/comments?post=13789"}],"version-history":[{"count":0,"href":"https:\/\/www.buecherserien.de\/de\/wp-json\/wp\/v2\/posts\/13789\/revisions"}],"wp:featuredmedia":[{"embeddable":true,"href":"https:\/\/www.buecherserien.de\/de\/wp-json\/wp\/v2\/media\/13790"}],"wp:attachment":[{"href":"https:\/\/www.buecherserien.de\/de\/wp-json\/wp\/v2\/media?parent=13789"}],"wp:term":[{"taxonomy":"category","embeddable":true,"href":"https:\/\/www.buecherserien.de\/de\/wp-json\/wp\/v2\/categories?post=13789"},{"taxonomy":"post_tag","embeddable":true,"href":"https:\/\/www.buecherserien.de\/de\/wp-json\/wp\/v2\/tags?post=13789"}],"curies":[{"name":"wp","href":"https:\/\/api.w.org\/{rel}","templated":true}]}}