{"id":13600,"date":"2021-11-03T12:00:25","date_gmt":"2021-11-03T11:00:25","guid":{"rendered":"https:\/\/www.buecherserien.de\/de\/?p=13600"},"modified":"2021-11-03T12:00:25","modified_gmt":"2021-11-03T11:00:25","slug":"horst-eckert-das-jahr-der-gier","status":"publish","type":"post","link":"https:\/\/www.buecherserien.de\/de\/horst-eckert-das-jahr-der-gier\/","title":{"rendered":"Horst Eckert: Das Jahr der Gier"},"content":{"rendered":"<div id=\"buv\">\n<p>Der Thriller &#8222;Das Jahr der Gier&#8220; ist der 3. Band der Melia und Vincent-Reihe von dem deutschen Autor <a title=\"B\u00fccher von Horst Eckert\" href=\"https:\/\/www.buecherserien.de\/horst-eckert\/\">Horst Eckert<\/a>.<\/p>\n<ul>\n<li>Titel bestellen bei:<\/li>\n<li class=\"buv_am\"><a title=\"Amazon.de\" href=\"https:\/\/www.amazon.de\/dp\/B09KPSPQPL\/ref=nosim?tag=buecherserien-21\">Amazon<\/a><\/li>\n<li class=\"buv_th\"><a title=\"Thalia.de\" href=\"https:\/\/www.awin1.com\/cread.php?awinmid=14158&amp;awinaffid=644643&amp;ued=https%3A%2F%2Fwww.thalia.de%2Fshop%2Fhome%2Fartikeldetails%2FEAN9783641291532\">Thalia<\/a><\/li>\n<li class=\"buv_hu\"><a title=\"Hugendubel.de\" href=\"https:\/\/clk.tradedoubler.com\/click?p=249407&#038;a=3222251&#038;url=https%3A%2F%2Fwww.hugendubel.de%2Fde%2Fproduct%3Fid%3D9783641291532\">Hugendubel<\/a><\/li>\n<li class=\"buv_eb\"><a title=\"eBook.de\" href=\"https:\/\/clk.tradedoubler.com\/click?p=324630&#038;a=3222251&#038;url=https%3A%2F%2Fwww.ebook.de%2Fde%2Fproduct%3Fid%3D9783641291532\">eBook.de<\/a><\/li>\n<\/ul>\n<ol>\n<li><strong>Infos \u00fcber das Buch:<\/strong><\/li>\n<li><strong>Serie:<\/strong> Melia und Vincent 3<\/li>\n<li><strong>Verlag:<\/strong> Heyne<\/li>\n<li><strong>Seiten:<\/strong> 448<\/li>\n<li><strong>Ver\u00f6ffentlichung:<\/strong> 8.3.2022<\/li>\n<li><strong>Formate:<\/strong> Buch, eBook<\/li>\n<li><strong>Buch-ISBN:<\/strong>\u200e\u200e 9783453426375<\/li>\n<\/ol>\n<div class=\"clearfix\"><\/div>\n<div class=\"buech-content-tipps\" id=\"buech-2444439624\"><p>Oder gebraucht suchen bei <a href=\"https:\/\/www.awin1.com\/awclick.php?gid=362166&mid=11364&awinaffid=644643&linkid=2376078&clickref=\">Medimops<\/a>.<\/p><\/div><h2>Inhaltsangabe von &#8222;Das Jahr der Gier&#8220;:<\/h2>\n<p><img loading=\"lazy\" decoding=\"async\" src=\"https:\/\/www.buecherserien.de\/de\/wp-content\/uploads\/horst-eckert-melia-vincent-3.jpg\" alt=\"Das Jahr der Gier von Horst Eckert\" width=\"250\" height=\"400\" \/>Der britische Journalist Oscar Ravani wird in D\u00fcsseldorf auf offener Stra\u00dfe mit dem Messer angegriffen. Ein rassistisch motiviertes Attentat? Kriminalr\u00e4tin Melia Adan und Hauptkommissar Vincent Veih wollen die Aussagen noch einmal unter die Lupe nehmen. Doch ein vermeintlicher Zeuge ist pl\u00f6tzlich unauffindbar. Ravani selbst schweigt. Mit seinen Recherchen zu einem gro\u00dfen Finanzdienstleister k\u00f6nnte er sich allerdings Feinde gemacht haben. Die Firma gilt als deutsches Vorzeigeunternehmen mit engen Kontakten zur Politik. Wie viel an dieser Erfolgsstory ist echt? F\u00fcr ihre Ermittlungen begeben sich Vincent und Melia in eine finstere Parallelwelt von ungeahnten Ausma\u00dfen.<\/p>\n<div class=\"clearfix\"><\/div>\n<p id=\"buv_back_single\"><a href=\"https:\/\/www.buecherserien.de\/horst-eckert\/\">Zur\u00fcck zur Autorenseite<\/a><\/p>\n<\/div>","protected":false},"excerpt":{"rendered":"<p>Der Thriller &#8222;Das Jahr der Gier&#8220; ist der 3. Band der Melia und Vincent-Reihe von dem deutschen Autor Horst Eckert. Titel bestellen bei: Amazon Thalia Hugendubel eBook.de Infos \u00fcber das Buch: Serie: Melia und Vincent 3 Verlag: Heyne Seiten: 448 Ver\u00f6ffentlichung: 8.3.2022 Formate: Buch, eBook Buch-ISBN:\u200e\u200e 9783453426375 Inhaltsangabe von &#8222;Das Jahr der Gier&#8220;: Der britische [&hellip;]<\/p>\n","protected":false},"author":1,"featured_media":13601,"comment_status":"open","ping_status":"closed","sticky":false,"template":"","format":"standard","meta":{"_et_pb_use_builder":"","_et_pb_old_content":"","_et_gb_content_width":"","footnotes":""},"categories":[18],"tags":[296],"class_list":["post-13600","post","type-post","status-publish","format-standard","has-post-thumbnail","hentry","category-krimi-thriller","tag-horst-eckert"],"_links":{"self":[{"href":"https:\/\/www.buecherserien.de\/de\/wp-json\/wp\/v2\/posts\/13600","targetHints":{"allow":["GET"]}}],"collection":[{"href":"https:\/\/www.buecherserien.de\/de\/wp-json\/wp\/v2\/posts"}],"about":[{"href":"https:\/\/www.buecherserien.de\/de\/wp-json\/wp\/v2\/types\/post"}],"author":[{"embeddable":true,"href":"https:\/\/www.buecherserien.de\/de\/wp-json\/wp\/v2\/users\/1"}],"replies":[{"embeddable":true,"href":"https:\/\/www.buecherserien.de\/de\/wp-json\/wp\/v2\/comments?post=13600"}],"version-history":[{"count":0,"href":"https:\/\/www.buecherserien.de\/de\/wp-json\/wp\/v2\/posts\/13600\/revisions"}],"wp:featuredmedia":[{"embeddable":true,"href":"https:\/\/www.buecherserien.de\/de\/wp-json\/wp\/v2\/media\/13601"}],"wp:attachment":[{"href":"https:\/\/www.buecherserien.de\/de\/wp-json\/wp\/v2\/media?parent=13600"}],"wp:term":[{"taxonomy":"category","embeddable":true,"href":"https:\/\/www.buecherserien.de\/de\/wp-json\/wp\/v2\/categories?post=13600"},{"taxonomy":"post_tag","embeddable":true,"href":"https:\/\/www.buecherserien.de\/de\/wp-json\/wp\/v2\/tags?post=13600"}],"curies":[{"name":"wp","href":"https:\/\/api.w.org\/{rel}","templated":true}]}}