{"id":12966,"date":"2021-10-21T12:40:29","date_gmt":"2021-10-21T10:40:29","guid":{"rendered":"https:\/\/www.buecherserien.de\/de\/?p=12966"},"modified":"2021-10-21T12:40:29","modified_gmt":"2021-10-21T10:40:29","slug":"andreas-gruber-todesmaerchen","status":"publish","type":"post","link":"https:\/\/www.buecherserien.de\/de\/andreas-gruber-todesmaerchen\/","title":{"rendered":"Andreas Gruber: Todesm\u00e4rchen"},"content":{"rendered":"<div id=\"buv\">\n<p>Der Thriller &#8222;Todesm\u00e4rchen&#8220; ist der 3. Band der Sneijder und Nemez-Reihe von dem \u00f6sterreichischen Autor <a title=\"B\u00fccher von Andreas Gruber\" href=\"https:\/\/www.buecherserien.de\/andreas-gruber\/\">Andreas Gruber<\/a>.<\/p>\n<ul>\n<li>Titel bestellen bei:<\/li>\n<li class=\"buv_am\"><a title=\"Amazon.de\" href=\"https:\/\/www.amazon.de\/dp\/B017G4HV4K\/ref=nosim?tag=buecherserien-21\">Amazon<\/a><\/li>\n<li class=\"buv_th\"><a title=\"Thalia.de\" href=\"https:\/\/www.awin1.com\/cread.php?awinmid=14158&amp;awinaffid=644643&amp;ued=https%3A%2F%2Fwww.thalia.de%2Fshop%2Fhome%2Fartikeldetails%2FEAN9783641163143\">Thalia<\/a><\/li>\n<li class=\"buv_hu\"><a title=\"Hugendubel.de\" href=\"https:\/\/clk.tradedoubler.com\/click?p=249407&#038;a=3222251&#038;url=https%3A%2F%2Fwww.hugendubel.de%2Fde%2Fproduct%3Fid%3D9783641163143\">Hugendubel<\/a><\/li>\n<li class=\"buv_eb\"><a title=\"eBook.de\" href=\"https:\/\/clk.tradedoubler.com\/click?p=324630&#038;a=3222251&#038;url=https%3A%2F%2Fwww.ebook.de%2Fde%2Fproduct%3Fid%3D9783641163143\">eBook.de<\/a><\/li>\n<\/ul>\n<ol>\n<li><strong>Infos \u00fcber das Buch:<\/strong><\/li>\n<li><strong>Serie:<\/strong> Sneijder und Nemez 3<\/li>\n<li><strong>Verlag:<\/strong> Goldmann<\/li>\n<li><strong>Seiten:<\/strong> 544<\/li>\n<li><strong>Ver\u00f6ffentlichung:<\/strong> 15.8.2016<\/li>\n<li><strong>Formate:<\/strong> Buch, eBook, H\u00f6rbuch<\/li>\n<li><strong>Buch-ISBN:<\/strong>\u200e\u200e 9783442483129<\/li>\n<\/ol>\n<div class=\"clearfix\"><\/div>\n<div class=\"buech-content-tipps\" id=\"buech-2556504533\"><p>Oder gebraucht suchen bei <a href=\"https:\/\/www.awin1.com\/awclick.php?gid=362166&mid=11364&awinaffid=644643&linkid=2376078&clickref=\">Medimops<\/a>.<\/p><\/div><h2>Inhaltsangabe von &#8222;Todesm\u00e4rchen&#8220;:<\/h2>\n<p><img loading=\"lazy\" decoding=\"async\" src=\"https:\/\/www.buecherserien.de\/de\/wp-content\/uploads\/andreas-gruber-sneijder-nemez-3.jpeg\" alt=\"Todesm\u00e4rchen von Andreas Gruber\" width=\"250\" height=\"400\" \/>Es war einmal in dunkler, abgrundtiefer Nacht ein b\u00f6ser, bitterb\u00f6ser Mann &#8230;<\/p>\n<p>In Bern wird die kunstvoll drapierte Leiche einer Frau gefunden, in deren Haut der M\u00f6rder ein geheimnisvolles Zeichen geritzt hat. Sie bleibt nicht sein einziges Opfer. Der niederl\u00e4ndische Profiler Maarten S. Sneijder und BKA-Kommissarin Sabine Nemez lassen sich auf eine blutige Schnitzeljagd ein \u2013 doch der Killer scheint ihnen immer einen Schritt voraus. W\u00e4hrenddessen trifft die junge Psychologin Hannah im norddeutschen Steinfels ein, einem Gef\u00e4ngnis f\u00fcr geistig abnorme Rechtsbrecher. Sie soll eine Therapiegruppe leiten, ist jedoch nur an einem einzelnen H\u00e4ftling interessiert: Piet van Loon. Der wurde einst von Sneijder hinter Gittern gebracht. Und wird jetzt zur Schl\u00fcsselfigur in einem teuflischen Spiel &#8230;<\/p>\n<div class=\"clearfix\"><\/div>\n<p id=\"buv_back_single\"><a href=\"https:\/\/www.buecherserien.de\/andreas-gruber\/\">Zur\u00fcck zur Autorenseite<\/a><\/p>\n<\/div>","protected":false},"excerpt":{"rendered":"<p>Der Thriller &#8222;Todesm\u00e4rchen&#8220; ist der 3. Band der Sneijder und Nemez-Reihe von dem \u00f6sterreichischen Autor Andreas Gruber. Titel bestellen bei: Amazon Thalia Hugendubel eBook.de Infos \u00fcber das Buch: Serie: Sneijder und Nemez 3 Verlag: Goldmann Seiten: 544 Ver\u00f6ffentlichung: 15.8.2016 Formate: Buch, eBook, H\u00f6rbuch Buch-ISBN:\u200e\u200e 9783442483129 Inhaltsangabe von &#8222;Todesm\u00e4rchen&#8220;: Es war einmal in dunkler, abgrundtiefer Nacht [&hellip;]<\/p>\n","protected":false},"author":1,"featured_media":12968,"comment_status":"open","ping_status":"closed","sticky":false,"template":"","format":"standard","meta":{"_et_pb_use_builder":"","_et_pb_old_content":"","_et_gb_content_width":"","footnotes":""},"categories":[18],"tags":[283],"class_list":["post-12966","post","type-post","status-publish","format-standard","has-post-thumbnail","hentry","category-krimi-thriller","tag-andreas-gruber"],"_links":{"self":[{"href":"https:\/\/www.buecherserien.de\/de\/wp-json\/wp\/v2\/posts\/12966","targetHints":{"allow":["GET"]}}],"collection":[{"href":"https:\/\/www.buecherserien.de\/de\/wp-json\/wp\/v2\/posts"}],"about":[{"href":"https:\/\/www.buecherserien.de\/de\/wp-json\/wp\/v2\/types\/post"}],"author":[{"embeddable":true,"href":"https:\/\/www.buecherserien.de\/de\/wp-json\/wp\/v2\/users\/1"}],"replies":[{"embeddable":true,"href":"https:\/\/www.buecherserien.de\/de\/wp-json\/wp\/v2\/comments?post=12966"}],"version-history":[{"count":0,"href":"https:\/\/www.buecherserien.de\/de\/wp-json\/wp\/v2\/posts\/12966\/revisions"}],"wp:featuredmedia":[{"embeddable":true,"href":"https:\/\/www.buecherserien.de\/de\/wp-json\/wp\/v2\/media\/12968"}],"wp:attachment":[{"href":"https:\/\/www.buecherserien.de\/de\/wp-json\/wp\/v2\/media?parent=12966"}],"wp:term":[{"taxonomy":"category","embeddable":true,"href":"https:\/\/www.buecherserien.de\/de\/wp-json\/wp\/v2\/categories?post=12966"},{"taxonomy":"post_tag","embeddable":true,"href":"https:\/\/www.buecherserien.de\/de\/wp-json\/wp\/v2\/tags?post=12966"}],"curies":[{"name":"wp","href":"https:\/\/api.w.org\/{rel}","templated":true}]}}